{"id":4977,"date":"2017-12-19T15:46:03","date_gmt":"2017-12-19T14:46:03","guid":{"rendered":"http:\/\/www.tantaki.hu\/blog\/?p=4977"},"modified":"2017-12-19T15:48:31","modified_gmt":"2017-12-19T14:48:31","slug":"karacsonyi-versek-boldog-karacsonyt-kivan-a-tantaki","status":"publish","type":"post","link":"https:\/\/www.tantaki.hu\/blog\/karacsonyi-versek-boldog-karacsonyt-kivan-a-tantaki\/","title":{"rendered":"Kar\u00e1csonyi versek  &#8211; Boldog kar\u00e1csonyt k\u00edv\u00e1n a Tantaki"},"content":{"rendered":"<p>Szinte nincs olyan k\u00f6lt\u0151 vagy mese\u00edr\u00f3, aki ne eml\u00e9kezett volna meg legal\u00e1bb egy m\u0171v\u00e9ben a kar\u00e1csony k\u00f6zelg\u0151 \u00fcnnep\u00e9r\u0151l. Az iskol\u00e1ban \u00e9s m\u00e1s rendezv\u00e9nyeken is elhangzanak ilyenkor az \u00e9nekek, versek \u00e9s t\u00f6rt\u00e9netek, melyekkel megalapozzuk a v\u00e1rva v\u00e1rt \u00fcnnepi hangulatot. A csal\u00e1di \u00e9let is e k\u00f6r\u00e9 szervez\u0151dik: a s\u00fct\u00e9s-f\u0151z\u00e9s, kar\u00e1csonyfa-d\u00edsz\u00edt\u00e9s vagy az aj\u00e1nd\u00e9koz\u00e1s is gyakran kar\u00e1csonyi m\u0171vek szaval\u00e1s\u00e1val vagy \u00e9nekelget\u00e9s\u00e9vel telik.<\/p>\n<p>A legt\u00f6bb vers vagy t\u00f6rt\u00e9net az \u00fcnnep alapj\u00e1t k\u00e9pez\u0151 meghitts\u00e9get \u00e9s szeretetet \u00e1ll\u00edtja k\u00f6z\u00e9ppontba, gyakran valamilyen tanuls\u00e1got megfogalmazva.<\/p>\n<p>Kar\u00e1csony alkalm\u00e1b\u00f3l fogadj\u00e1tok szeretettel ezt a versgy\u0171jtem\u00e9nyt, a magyar k\u00f6lt\u0151k legszebb verseib\u0151l!<\/p>\n<p>A <strong>Tantaki<\/strong> c\u00e9lja, hogy gyermeked <em>j\u00e1t\u00e9kos tanul\u00e1ssal<\/em> k\u00f6nnyebben <em>meg\u00e9rtse<\/em> a tananyagot, ez\u00e1ltal n\u0151j\u00f6n az \u00f6nbizalma, <em>kiegyens\u00falyozott<\/em> \u00e9s <em>boldog<\/em> legyen. <strong>A TANTAKI gyermek j\u00f3kedvvel tanul, mert amit szeret, abban j\u00f3.<\/strong> Pr\u00f3b\u00e1lj\u00e1tok ki ingyenesen gyermekeddel a j\u00e1t\u00e9kos tanul\u00e1s \u00f6r\u00f6m\u00e9t, <a href=\"http:\/\/vasarlas.tantaki.hu\/?utm_source=vasarlas_osztonzes2_bloggal_2017december&amp;utm_medium=webshop&amp;utm_campaign=Blog\" target=\"_blank\" rel=\"noopener\"><strong>ide kattintva<\/strong><\/a>!<\/p>\n<p><img fetchpriority=\"high\" decoding=\"async\" class=\"aligncenter wp-image-4979\" src=\"https:\/\/www.tantaki.hu\/blog\/wp-content\/uploads\/2017\/12\/christmas-2939314_1920-620x413.jpg\" alt=\"\" width=\"396\" height=\"264\" srcset=\"https:\/\/www.tantaki.hu\/blog\/wp-content\/uploads\/2017\/12\/christmas-2939314_1920-620x413.jpg 620w, https:\/\/www.tantaki.hu\/blog\/wp-content\/uploads\/2017\/12\/christmas-2939314_1920-300x200.jpg 300w, https:\/\/www.tantaki.hu\/blog\/wp-content\/uploads\/2017\/12\/christmas-2939314_1920-768x512.jpg 768w, https:\/\/www.tantaki.hu\/blog\/wp-content\/uploads\/2017\/12\/christmas-2939314_1920.jpg 1920w\" sizes=\"(max-width: 396px) 100vw, 396px\" \/><\/p>\n<h3 style=\"text-align: center;\">Dsida Jen\u0151 - Itt van a sz\u00e9p kar\u00e1csony<\/h3>\n<p style=\"text-align: center;\">Itt van a sz\u00e9p, v\u00edg kar\u00e1csony,<br \/>\n\u00c9l\u00fcnk di\u00f3n, friss kal\u00e1cson:<br \/>\nmennyi finom csemege!<br \/>\nKicsi sz\u00edved remeg-e?<\/p>\n<p style=\"text-align: center;\">Kar\u00e1csonyfa minden \u00e1ga<br \/>\ncsillog-villog: csupa dr\u00e1ga,<br \/>\nsz\u00e9p mennyei \u00fczenet:<br \/>\nKis J\u00e9zuska sz\u00fcletett.<\/p>\n<p style=\"text-align: center;\">J\u00f3 gyermekek mind \u00f6r\u00fclnek,<br \/>\nk\u00e1lyha mellett k\u00f6rben \u00fclnek,<br \/>\naranymese, \u00e1h\u00edtat<br \/>\nminden sz\u00edvet \u00e1titat.<\/p>\n<p style=\"text-align: center;\">P\u00e1sztorj\u00e1tsz\u00f3k be-bej\u00f6nnek<br \/>\n\u00e9s k\u00e1nt\u00e1lva r\u00e1k\u00f6sz\u00f6nnek<br \/>\na csal\u00e1dra. Fura n\u00e9p,<br \/>\nde \u00e9nek\u00fck csudasz\u00e9p.<\/p>\n<p style=\"text-align: center;\">Tiszta \u00f6r\u00f6m t\u00fcze \u00e1t\u00e9g<br \/>\na szemeken, a harangj\u00e1t\u00e9k<br \/>\nsz\u00f3l, \u00e9jf\u00e9li \u00fczenet:<br \/>\nKis J\u00e9zuska sz\u00fcletett!<\/p>\n<h3 style=\"text-align: center;\">Kosztol\u00e1nyi Dezs\u0151 - Kar\u00e1csony<\/h3>\n<p style=\"text-align: center;\">Ez\u00fcst es\u0151ben sz\u00e1ll le a kar\u00e1csony,<br \/>\na k\u00e1lyha z\u00fag, a h\u00f3es\u00e9s s\u0171r\u0171;<br \/>\na l\u00e1mpaf\u00e9ny aranylik a kal\u00e1cson,<br \/>\na kocka p\u00f6rg, g\u0151z\u00f6l a tejs\u0171r\u0171.<\/p>\n<p style=\"text-align: center;\">Kik messze voltak, most mind \u00f6sszej\u00f6nnek<br \/>\na percet \u00e9des sz\u00f3val \u00fctni el,<br \/>\nam\u00edg a t\u00e9l a megfagyott mez\u0151ket<br \/>\nkarcolja \u00e9les, k\u00e9k j\u00e9gk\u00f6rmivel.<\/p>\n<p style=\"text-align: center;\">Feny\u0151szag\u00fa a l\u00e9g \u00e9s a sarokba<br \/>\nez\u00fcst t\u00fck\u00f6rb\u0151l b\u00f3kol a rakott fa,<br \/>\na j\u00f3 bar\u00e1t boros kors\u00f3ihoz von,<\/p>\n<p style=\"text-align: center;\">\u00c9s zsong az \u00e9nek \u00e1h\u00edtatba z\u00f6ngve\u2026<br \/>\nCsak a havas puszt\u00e1n a n\u00e9ma cs\u00f6ndbe<br \/>\ns\u00edr f\u00f6l az \u00e9gbe egy-egy k\u00f3sza mozdony.<\/p>\n<h3 style=\"text-align: center;\">We\u00f6res S\u00e1ndor - Sz\u00e9p a feny\u0151<\/h3>\n<p style=\"text-align: center;\">Sz\u00e9p a feny\u0151 t\u00e9len-ny\u00e1ron,<br \/>\nsose lepi dermedt \u00e1lom:<br \/>\nm\u00edg az \u00e1g\u00e1n j\u00e9g szikr\u00e1zik,<br \/>\n\u00fcde z\u00f6ldje csak pomp\u00e1zik.<\/p>\n<p style=\"text-align: center;\">Nagykar\u00e1csony imm\u00e1r elj\u0151,<br \/>\n\u00e9rkezik az \u00fajesztend\u0151.<br \/>\nM\u00edg a mez\u0151 dermed, f\u00e1zik,<br \/>\na z\u00f6ld fenyves csak pomp\u00e1zik.<\/p>\n<p style=\"text-align: center;\"><img decoding=\"async\" class=\"wp-image-4980 aligncenter\" src=\"https:\/\/www.tantaki.hu\/blog\/wp-content\/uploads\/2017\/12\/christmas-tree-66450_640-620x400.jpg\" alt=\"\" width=\"367\" height=\"237\" srcset=\"https:\/\/www.tantaki.hu\/blog\/wp-content\/uploads\/2017\/12\/christmas-tree-66450_640-620x400.jpg 620w, https:\/\/www.tantaki.hu\/blog\/wp-content\/uploads\/2017\/12\/christmas-tree-66450_640-300x194.jpg 300w, https:\/\/www.tantaki.hu\/blog\/wp-content\/uploads\/2017\/12\/christmas-tree-66450_640.jpg 640w\" sizes=\"(max-width: 367px) 100vw, 367px\" \/><\/p>\n<h3 style=\"text-align: center;\">Juh\u00e1sz Gyula - Kar\u00e1csony fel\u00e9<\/h3>\n<p style=\"text-align: center;\">Sz\u00e9p T\u00fcnd\u00e9rorsz\u00e1g t\u00e1mad f\u00f6l sz\u00edvemben<br \/>\nIlyenkor decemberben.<br \/>\nA szeretetnek csillag\u00e1ra n\u00e9zek,<br \/>\nMegsz\u00e1ll egy titkos, gy\u00f6ny\u00f6r\u0171 ig\u00e9zet,<br \/>\nIlyenkor decemberben.<\/p>\n<p style=\"text-align: center;\">\u2026Bizalmas sz\u00edvvel j\u00e1rom a vil\u00e1got,<br \/>\nS amit az \u00e9let v\u00e1gott,<br \/>\nBeheggesztem a sebet a sz\u00edvemben,<br \/>\n\u00c9s hiszek \u00fajra \u00e9gi szeretetben,<br \/>\nIlyenkor decemberben.<\/p>\n<p style=\"text-align: center;\">\u2026\u00c9s valahol csak k\u00e9tked\u0151 besz\u00e9det<br \/>\nHallok, szomor\u00fan n\u00e9zek,<br \/>\nA kis J\u00e9zuska itt van a k\u00f6zelben,<br \/>\nLegy\u00fcnk h\u00e1t jobbak, s higgy\u00fcnk rend\u00fcletlen,<br \/>\nS ne csak \u00edgy decemberben.<\/p>\n<h3 style=\"text-align: center;\">Pilinszky J\u00e1nos - A f\u00e9nyess\u00e9ges angyal is<\/h3>\n<p style=\"text-align: center;\"><b>Eml\u00e9kez\u00e9s egy vil\u00e1gh\u00e1bor\u00fas kar\u00e1csonyra <\/b><\/p>\n<p style=\"text-align: center;\">Az \u00e9gbolt els\u00f6t\u00e9tedett.<br \/>\nS ak\u00e1r a v\u00e9git\u00e9let<br \/>\nzord fellege t\u00f6rt volna r\u00e1nk,<br \/>\na f\u00f6ld is oly s\u00f6t\u00e9t lett.<\/p>\n<p style=\"text-align: center;\">Gyermeksz\u00edv\u00fcnk is oly neh\u00e9z!<br \/>\nA h\u00e1zak \u00e9s a kertek,<br \/>\naz eg\u00e9sz t\u00f6r\u00e9keny vil\u00e1g,<br \/>\n\u00e9rezt\u00fck, vel\u00fcnk reszket.<\/p>\n<p style=\"text-align: center;\">Azt\u00e1n a roppant cs\u00f6nd\u00f6n \u00e1t<br \/>\npuh\u00e1n \u00e9s \u00e9szrev\u00e9tlen,<br \/>\na hangtalan megindul\u00f3<br \/>\n\u00e9s puha h\u00f3es\u00e9sben,<\/p>\n<p style=\"text-align: center;\">ak\u00e1r a f\u00e9nyes pelyhek is<br \/>\nvigy\u00e1zva f\u00f6ldet \u00e9rtek,<br \/>\na f\u00e9nyess\u00e9ges angyal is,<br \/>\n\u0151 is a f\u00f6ldre l\u00e9pett.<\/p>\n<h3 id=\"idx7\" style=\"text-align: center;\">J\u00f3zsef Attila: Betlehemi kir\u00e1lyok<\/h3>\n<p style=\"text-align: center;\">Adjonisten, J\u00e9zusunk, J\u00e9zusunk!<br \/>\nH\u00e1rom kir\u00e1ly mi vagyunk.<br \/>\nL\u00e1ngos csillag \u00e1llt felett\u00fcnk,<br \/>\ngyalog j\u00f6tt\u00fcnk, mert siett\u00fcnk,<br \/>\nkis juhocska mondta - biztos<br \/>\nitt lakik a J\u00e9zus Krisztus.<br \/>\nMenyh\u00e1rt kir\u00e1ly a nevem.<br \/>\nSeg\u00edts, \u00e9des Istenem!<\/p>\n<p style=\"text-align: center;\">Istenfia, j\u00f3napot, j\u00f3napot!<br \/>\nNem vagyunk mi v\u00e9n papok.<br \/>\n\u00dagy hallottuk, megsz\u00fclett\u00e9l,<br \/>\nszeg\u00e9nyek kir\u00e1lya lett\u00e9l.<br \/>\nBen\u00e9zt\u00fcnk h\u00e1t kicsit hozz\u00e1d,<br \/>\n\u00dcdv\u00f6ss\u00e9g\u00fcnk, \u00e9gi orsz\u00e1g!<br \/>\nG\u00e1sp\u00e1r voln\u00e9k, aff\u00e9le<br \/>\nf\u00f6ldi kir\u00e1ly szem\u00e9lye.<\/p>\n<p style=\"text-align: center;\">Adjonisten, Megv\u00e1lt\u00f3, Megv\u00e1lt\u00f3!<br \/>\nJ\u00f6tt\u00fcnk meleg orsz\u00e1gb\u00f3l.<br \/>\nF\u0151tt kolb\u00e1szunk mind elfogyott,<br \/>\nf\u00e9nyes csizm\u00e1nk is megrogyott,<br \/>\nhoztunk aranyat hat mar\u00e9kkal,<br \/>\nt\u00f6mj\u00e9nt eg\u00e9sz vasfaz\u00e9kkal.<br \/>\n\u00c9n vagyok a Boldizs\u00e1r,<br \/>\naki szerecseny kir\u00e1ly.<\/p>\n<p style=\"text-align: center;\">Irul-pirul M\u00e1ria, M\u00e1ria,<br \/>\nboldogs\u00e1gos kis mama.<br \/>\nHull\u00f3 k\u00f6nnye z\u00e1por\u00e1n \u00e1t<br \/>\nalig l\u00e1tja J\u00e9zusk\u00e1j\u00e1t.<br \/>\nA sok p\u00e1sztor mind muzsik\u00e1l.<br \/>\nMeg is k\u00e9ne szoptatni m\u00e1r.<br \/>\nKedves h\u00e1rom kir\u00e1lyok,<br \/>\nj\u00f3\u00e9jszak\u00e1t k\u00edv\u00e1nok!<\/p>\n<h3 id=\"idx5\" style=\"text-align: center;\">Dsida Jen\u0151: Itt van a sz\u00e9p kar\u00e1csony<\/h3>\n<p style=\"text-align: center;\">Itt van a sz\u00e9p, v\u00edg kar\u00e1csony,<br \/>\n\u00c9l\u00fcnk di\u00f3n, friss kal\u00e1cson:<br \/>\nmennyi finom csemege!<br \/>\nKicsi sz\u00edved remeg-e?<\/p>\n<p style=\"text-align: center;\">Kar\u00e1csonyfa minden \u00e1ga<br \/>\ncsillog-villog: csupa dr\u00e1ga,<br \/>\nsz\u00e9p mennyei \u00fczenet:<br \/>\nKis J\u00e9zuska sz\u00fcletett.<\/p>\n<p style=\"text-align: center;\">J\u00f3 gyermekek mind \u00f6r\u00fclnek,<br \/>\nk\u00e1lyha mellett k\u00f6rben \u00fclnek,<br \/>\naranymese, \u00e1h\u00edtat<br \/>\nminden sz\u00edvet \u00e1titat.<\/p>\n<p style=\"text-align: center;\">P\u00e1sztorj\u00e1tsz\u00f3k be-bej\u00f6nnek<br \/>\n\u00e9s k\u00e1nt\u00e1lva r\u00e1k\u00f6sz\u00f6nnek<br \/>\na csal\u00e1dra. Fura n\u00e9p,<br \/>\nde \u00e9nek\u00fck csudasz\u00e9p.<\/p>\n<p style=\"text-align: center;\">Tiszta \u00f6r\u00f6m t\u00fcze \u00e1t\u00e9g<br \/>\na szemeken, a harangj\u00e1t\u00e9k<br \/>\nsz\u00f3l, \u00e9jf\u00e9li \u00fczenet:<br \/>\nKis J\u00e9zuska sz\u00fcletett!<\/p>\n<p style=\"text-align: center;\"><img decoding=\"async\" class=\"aligncenter wp-image-4981\" src=\"https:\/\/www.tantaki.hu\/blog\/wp-content\/uploads\/2017\/12\/christmas-992360_640-620x620.jpg\" alt=\"\" width=\"312\" height=\"312\" srcset=\"https:\/\/www.tantaki.hu\/blog\/wp-content\/uploads\/2017\/12\/christmas-992360_640-620x620.jpg 620w, https:\/\/www.tantaki.hu\/blog\/wp-content\/uploads\/2017\/12\/christmas-992360_640-150x150.jpg 150w, https:\/\/www.tantaki.hu\/blog\/wp-content\/uploads\/2017\/12\/christmas-992360_640-300x300.jpg 300w, https:\/\/www.tantaki.hu\/blog\/wp-content\/uploads\/2017\/12\/christmas-992360_640-60x60.jpg 60w, https:\/\/www.tantaki.hu\/blog\/wp-content\/uploads\/2017\/12\/christmas-992360_640.jpg 640w\" sizes=\"(max-width: 312px) 100vw, 312px\" \/><\/p>\n<h3 id=\"idx1\" style=\"text-align: center;\">F\u00e9s\u0171s \u00c9va: \u00c1lmodik a feny\u0151f\u00e1cska<\/h3>\n<p style=\"text-align: center;\">\u00c1lmodik a feny\u0151f\u00e1cska<br \/>\nodakinn az erd\u0151n.<br \/>\nRagyog\u00f3 lesz a ruh\u00e1ja,<br \/>\nha az \u00fcnnep elj\u00f6n.<br \/>\nCsillag r\u00f6ppen a hegyre,<br \/>\ngyertya l\u00e1ngja lobban,<br \/>\ndallal v\u00e1rj\u00e1k \u00e9s \u00f6r\u00f6mmel<br \/>\nboldog otthonokban.<br \/>\nLegszebb \u00e1lma m\u00e9gis az, hogy<br \/>\nmindenki sz\u00edv\u00e9be,<br \/>\nk\u00f6lt\u00f6zz\u00e9k be szent kar\u00e1csony<br \/>\n\u00fcnnep\u00e9n a b\u00e9ke.<\/p>\n<p style=\"text-align: left;\"><strong>Boldog kar\u00e1csonyt k\u00edv\u00e1n a Tantaki!<br \/>\n<\/strong><\/p>\n<p style=\"text-align: left;\">Nagy Erika<br \/>\na j\u00e1t\u00e9kos tanul\u00e1s szak\u00e9rt\u0151je<\/p>\n<p>Ha tetszett a cikk, mutasd meg a bar\u00e1taidnak is! Kattints a megoszt\u00e1s gombra!<br \/>\n<script>\nvar w=102;\nvar h=28;\ndocument.write('<iframe src=\"https:\/\/www.facebook.com\/plugins\/share_button.php?href='+document.location+'&layout=button&size=large&mobile_iframe=true&appId=226902774100595&width='+w+'&height='+h+'\" width=\"'+w+'\" height=\"'+h+'\" style=\"border:none;overflow:hidden\" scrolling=\"no\" frameborder=\"0\" allowTransparency=\"true\"><\/iframe>');\n<\/script><\/p>\n<p>&nbsp;<\/p>\n","protected":false},"excerpt":{"rendered":"<p>Szinte nincs olyan k\u00f6lt\u0151 vagy mese\u00edr\u00f3, aki ne eml\u00e9kezett volna meg legal\u00e1bb egy m\u0171v\u00e9ben a kar\u00e1csony k\u00f6zelg\u0151 \u00fcnnep\u00e9r\u0151l. Az iskol\u00e1ban \u00e9s m\u00e1s rendezv\u00e9nyeken is elhangzanak ilyenkor az \u00e9nekek, versek \u00e9s t\u00f6rt\u00e9netek, melyekkel megalapozzuk a v\u00e1rva v\u00e1rt \u00fcnnepi hangulatot. A csal\u00e1di \u00e9let is e k\u00f6r\u00e9 szervez\u0151dik: a s\u00fct\u00e9s-f\u0151z\u00e9s, kar\u00e1csonyfa-d\u00edsz\u00edt\u00e9s vagy az aj\u00e1nd\u00e9koz\u00e1s is gyakran kar\u00e1csonyi m\u0171vek [&hellip;]<\/p>\n","protected":false},"author":1,"featured_media":4979,"comment_status":"open","ping_status":"open","sticky":false,"template":"","format":"standard","meta":{"footnotes":""},"categories":[27,33,1,3,95],"tags":[241,323,163,166],"aioseo_notices":[],"_links":{"self":[{"href":"https:\/\/www.tantaki.hu\/blog\/wp-json\/wp\/v2\/posts\/4977"}],"collection":[{"href":"https:\/\/www.tantaki.hu\/blog\/wp-json\/wp\/v2\/posts"}],"about":[{"href":"https:\/\/www.tantaki.hu\/blog\/wp-json\/wp\/v2\/types\/post"}],"author":[{"embeddable":true,"href":"https:\/\/www.tantaki.hu\/blog\/wp-json\/wp\/v2\/users\/1"}],"replies":[{"embeddable":true,"href":"https:\/\/www.tantaki.hu\/blog\/wp-json\/wp\/v2\/comments?post=4977"}],"version-history":[{"count":2,"href":"https:\/\/www.tantaki.hu\/blog\/wp-json\/wp\/v2\/posts\/4977\/revisions"}],"predecessor-version":[{"id":4982,"href":"https:\/\/www.tantaki.hu\/blog\/wp-json\/wp\/v2\/posts\/4977\/revisions\/4982"}],"wp:featuredmedia":[{"embeddable":true,"href":"https:\/\/www.tantaki.hu\/blog\/wp-json\/wp\/v2\/media\/4979"}],"wp:attachment":[{"href":"https:\/\/www.tantaki.hu\/blog\/wp-json\/wp\/v2\/media?parent=4977"}],"wp:term":[{"taxonomy":"category","embeddable":true,"href":"https:\/\/www.tantaki.hu\/blog\/wp-json\/wp\/v2\/categories?post=4977"},{"taxonomy":"post_tag","embeddable":true,"href":"https:\/\/www.tantaki.hu\/blog\/wp-json\/wp\/v2\/tags?post=4977"}],"curies":[{"name":"wp","href":"https:\/\/api.w.org\/{rel}","templated":true}]}}